{"id":2948,"date":"2025-03-28T22:27:48","date_gmt":"2025-03-28T20:27:48","guid":{"rendered":"https:\/\/propeyresq.be\/?p=2948"},"modified":"2025-03-28T22:35:15","modified_gmt":"2025-03-28T20:35:15","slug":"j-2-avant-les-inscriptions","status":"publish","type":"post","link":"https:\/\/propeyresq.be\/?p=2948","title":{"rendered":"J-2 avant les inscriptions !"},"content":{"rendered":"\t\t<div data-elementor-type=\"wp-post\" data-elementor-id=\"2948\" class=\"elementor elementor-2948\">\n\t\t\t\t\t\t<section class=\"elementor-section elementor-top-section elementor-element elementor-element-336559a7 elementor-section-boxed elementor-section-height-default elementor-section-height-default\" data-id=\"336559a7\" data-element_type=\"section\">\n\t\t\t\t\t\t<div class=\"elementor-container elementor-column-gap-default\">\n\t\t\t\t\t<div class=\"elementor-column elementor-col-100 elementor-top-column elementor-element elementor-element-5082e410\" data-id=\"5082e410\" data-element_type=\"column\">\n\t\t\t<div class=\"elementor-widget-wrap elementor-element-populated\">\n\t\t\t\t\t\t<div class=\"elementor-element elementor-element-254defc0 elementor-widget elementor-widget-text-editor\" data-id=\"254defc0\" data-element_type=\"widget\" data-widget_type=\"text-editor.default\">\n\t\t\t\t<div class=\"elementor-widget-container\">\n\t\t\t\t\t\t\t\t\t<p><strong>Dans 2 jours !<\/strong>&nbsp;Rendez-vous sur le site internet, onglet \u00ab\u00a0Saison 2025 \u2192 R\u00e9servations\u00a0\u00bb&nbsp;<strong>dimanche 30 mars \u00e0 11h<\/strong>&nbsp;pour l\u2019ouverture des inscriptions !<\/p>\n<p><!-- \/wp:paragraph --><!-- wp:paragraph --><\/p>\n<p><strong>Quelques rappels importants :<\/strong><\/p>\n<p><!-- \/wp:paragraph --><!-- wp:paragraph --><\/p>\n<p><strong>Nouveaut\u00e9<\/strong>&nbsp;: les logements pour nos amis \u00e0 4 pattes sont tr\u00e8s limit\u00e9s. Inscription obligatoire pour eux aussi! Pensez-y lors de votre r\u00e9servation !<\/p>\n<p><!-- \/wp:paragraph --><!-- wp:paragraph --><\/p>\n<p><strong>H\u00e9bergement :<\/strong><\/p>\n<p><!-- \/wp:paragraph --><!-- wp:list --><\/p>\n<ul class=\"wp-block-list\">\n<li style=\"list-style-type: none;\">\n<ul class=\"wp-block-list\"><!-- wp:list-item --><\/ul>\n<\/li>\n<\/ul>\n<ul class=\"wp-block-list\">\n<li style=\"list-style-type: none;\">\n<ul class=\"wp-block-list\">\n<li><strong><u><em>Dortoir collectif<\/em><\/u><\/strong>&nbsp;: Chaque personne doit&nbsp;<strong>s&rsquo;inscrire individuellement<\/strong>. Si vous souhaitez \u00eatre log\u00e9s ensemble, choisissez un&nbsp;<strong>nom de groupe<\/strong>&nbsp;et indiquez-le dans les commentaires de votre r\u00e9servation. L\u2019\u00e9quipe r\u00e9servation fera son possible pour vous regrouper.<\/li>\n<\/ul>\n<\/li>\n<\/ul>\n<p><!-- \/wp:list-item --><!-- wp:list-item --><\/p>\n<ul class=\"wp-block-list\">\n<li style=\"list-style-type: none;\">\n<ul class=\"wp-block-list\">\n<li><strong><u><em>Logement privatif<\/em><\/u><\/strong>&nbsp;: Une seule r\u00e9servation par chambre pour couple\/famille\/amis. Pour les familles, indiquez dans les commentaires si vous souhaitez que les enfants dorment s\u00e9par\u00e9ment, dans la limite des disponibilit\u00e9s.<\/li>\n<\/ul>\n<\/li>\n<\/ul>\n<p><!-- \/wp:list-item --><\/p>\n<p><!-- \/wp:list --><!-- wp:paragraph --><\/p>\n<p><strong>Petit conseil<\/strong>&nbsp;: Apr\u00e8s ton inscription, jette un \u0153il \u00e0 tes spams, on ne sait jamais\u2026<\/p>\n<p><!-- \/wp:paragraph --><!-- wp:paragraph --><\/p>\n<p><strong>Merci de ne pas envoyer plusieurs r\u00e9servations.<\/strong>&nbsp;L\u2019\u00e9quipe traite toutes les demandes en une journ\u00e9e, un peu de patience !&nbsp;<\/p>\n<p><!-- \/wp:paragraph --><!-- wp:paragraph --><\/p>\n<p>&#8212;&nbsp;<strong>SAVE THE DATE &#8212;<\/strong><\/p>\n<p><!-- \/wp:paragraph --><!-- wp:paragraph --><\/p>\n<p><strong>Le 10 mai<\/strong>, on se retrouve pour une apr\u00e8s-midi &amp; soir\u00e9e&nbsp;<strong>p\u00e9tanque<\/strong><\/p>\n<p><!-- \/wp:paragraph --><!-- wp:paragraph --><\/p>\n<p><strong>Rue des Brebis \u00e0 Ixelles<\/strong><\/p>\n<p><!-- \/wp:paragraph --><!-- wp:paragraph --><\/p>\n<p><strong>De 15h30 \u00e0 minuit<\/strong>&nbsp;(d\u00e9but du tournoi \u00e0 16h)<\/p>\n<p><!-- \/wp:paragraph --><!-- wp:paragraph --><\/p>\n<p>Plus d\u2019infos tr\u00e8s bient\u00f4t !<\/p>\n<p><!-- \/wp:paragraph --><!-- wp:paragraph --><\/p>\n<p>\u00c0 dimanche pour les inscriptions !<\/p>\n<p><!-- \/wp:paragraph --><\/p>\t\t\t\t\t\t\t\t<\/div>\n\t\t\t\t<\/div>\n\t\t\t\t\t<\/div>\n\t\t<\/div>\n\t\t\t\t\t<\/div>\n\t\t<\/section>\n\t\t\t\t<\/div>\n\t\t","protected":false},"excerpt":{"rendered":"<p>Dans 2 jours !&nbsp;Rendez-vous sur le site internet, onglet \u00ab\u00a0Saison 2025 \u2192 R\u00e9servations\u00a0\u00bb&nbsp;dimanche 30 mars \u00e0 11h&nbsp;pour l\u2019ouverture des inscriptions ! Quelques rappels importants : Nouveaut\u00e9&nbsp;: les logements pour nos amis \u00e0 4 pattes sont tr\u00e8s limit\u00e9s. Inscription obligatoire pour eux aussi! Pensez-y lors de votre r\u00e9servation ! H\u00e9bergement : [&hellip;]<\/p>\n","protected":false},"author":1459,"featured_media":0,"comment_status":"closed","ping_status":"open","sticky":false,"template":"","format":"standard","meta":{"footnotes":""},"categories":[3],"tags":[],"class_list":["post-2948","post","type-post","status-publish","format-standard","hentry","category-association"],"post_mailing_queue_ids":[],"_links":{"self":[{"href":"https:\/\/propeyresq.be\/index.php?rest_route=\/wp\/v2\/posts\/2948","targetHints":{"allow":["GET"]}}],"collection":[{"href":"https:\/\/propeyresq.be\/index.php?rest_route=\/wp\/v2\/posts"}],"about":[{"href":"https:\/\/propeyresq.be\/index.php?rest_route=\/wp\/v2\/types\/post"}],"author":[{"embeddable":true,"href":"https:\/\/propeyresq.be\/index.php?rest_route=\/wp\/v2\/users\/1459"}],"replies":[{"embeddable":true,"href":"https:\/\/propeyresq.be\/index.php?rest_route=%2Fwp%2Fv2%2Fcomments&post=2948"}],"version-history":[{"count":5,"href":"https:\/\/propeyresq.be\/index.php?rest_route=\/wp\/v2\/posts\/2948\/revisions"}],"predecessor-version":[{"id":2960,"href":"https:\/\/propeyresq.be\/index.php?rest_route=\/wp\/v2\/posts\/2948\/revisions\/2960"}],"wp:attachment":[{"href":"https:\/\/propeyresq.be\/index.php?rest_route=%2Fwp%2Fv2%2Fmedia&parent=2948"}],"wp:term":[{"taxonomy":"category","embeddable":true,"href":"https:\/\/propeyresq.be\/index.php?rest_route=%2Fwp%2Fv2%2Fcategories&post=2948"},{"taxonomy":"post_tag","embeddable":true,"href":"https:\/\/propeyresq.be\/index.php?rest_route=%2Fwp%2Fv2%2Ftags&post=2948"}],"curies":[{"name":"wp","href":"https:\/\/api.w.org\/{rel}","templated":true}]}}