{"id":2892,"date":"2025-03-05T11:49:13","date_gmt":"2025-03-05T09:49:13","guid":{"rendered":"https:\/\/propeyresq.be\/?p=2892"},"modified":"2025-03-05T11:49:14","modified_gmt":"2025-03-05T09:49:14","slug":"reservations-2025","status":"publish","type":"post","link":"https:\/\/propeyresq.be\/?p=2892","title":{"rendered":"R\u00e9servations 2025"},"content":{"rendered":"\n<p>Bonjour \u00e0 toutes et tous ! <\/p>\n\n\n\n<p>Le printemps arrive et avec lui Peyresq se r\u00e9veille&#8230;<\/p>\n\n\n\n<p>Voici quelques informations pour nourrir vos envies de vacances :<\/p>\n\n\n\n<p>Saison : du 28 juin au 23 ao\u00fbt 2025<br><strong>Ouverture des inscriptions : dimanche 30 mars \u00e0 11h<\/strong><br>Nouveaut\u00e9 : les modalit\u00e9s d&rsquo;inscription ont \u00e9t\u00e9 ajust\u00e9es pour les groupes \u00e9tudiants reli\u00e9s \u00e0 une maison propri\u00e9taire \u2192 n&rsquo;h\u00e9sitez pas \u00e0 vous rapprocher de votre responsable de maison !<\/p>\n\n\n\n<p>Rejoignez-nous pour une saison riche en d\u00e9couvertes et en partage \ud83d\ude42 <\/p>\n\n\n\n<p>Infos et inscriptions (pas avant le 30 mars \u00e0 11h !) : sur le site que vous consultez actuellement<\/p>\n\n\n\n<p>Belle journ\u00e9e ensoleill\u00e9e <\/p>\n","protected":false},"excerpt":{"rendered":"<p>Bonjour \u00e0 toutes et tous ! Le printemps arrive et avec lui Peyresq se r\u00e9veille&#8230; Voici quelques informations pour nourrir vos envies de vacances : Saison : du 28 juin au 23 ao\u00fbt 2025Ouverture des inscriptions : dimanche 30 mars \u00e0 11hNouveaut\u00e9 : les modalit\u00e9s d&rsquo;inscription ont \u00e9t\u00e9 ajust\u00e9es pour [&hellip;]<\/p>\n","protected":false},"author":1459,"featured_media":0,"comment_status":"closed","ping_status":"open","sticky":false,"template":"","format":"standard","meta":{"footnotes":""},"categories":[8],"tags":[],"class_list":["post-2892","post","type-post","status-publish","format-standard","hentry","category-reservations"],"post_mailing_queue_ids":[],"_links":{"self":[{"href":"https:\/\/propeyresq.be\/index.php?rest_route=\/wp\/v2\/posts\/2892","targetHints":{"allow":["GET"]}}],"collection":[{"href":"https:\/\/propeyresq.be\/index.php?rest_route=\/wp\/v2\/posts"}],"about":[{"href":"https:\/\/propeyresq.be\/index.php?rest_route=\/wp\/v2\/types\/post"}],"author":[{"embeddable":true,"href":"https:\/\/propeyresq.be\/index.php?rest_route=\/wp\/v2\/users\/1459"}],"replies":[{"embeddable":true,"href":"https:\/\/propeyresq.be\/index.php?rest_route=%2Fwp%2Fv2%2Fcomments&post=2892"}],"version-history":[{"count":1,"href":"https:\/\/propeyresq.be\/index.php?rest_route=\/wp\/v2\/posts\/2892\/revisions"}],"predecessor-version":[{"id":2893,"href":"https:\/\/propeyresq.be\/index.php?rest_route=\/wp\/v2\/posts\/2892\/revisions\/2893"}],"wp:attachment":[{"href":"https:\/\/propeyresq.be\/index.php?rest_route=%2Fwp%2Fv2%2Fmedia&parent=2892"}],"wp:term":[{"taxonomy":"category","embeddable":true,"href":"https:\/\/propeyresq.be\/index.php?rest_route=%2Fwp%2Fv2%2Fcategories&post=2892"},{"taxonomy":"post_tag","embeddable":true,"href":"https:\/\/propeyresq.be\/index.php?rest_route=%2Fwp%2Fv2%2Ftags&post=2892"}],"curies":[{"name":"wp","href":"https:\/\/api.w.org\/{rel}","templated":true}]}}