{"id":2534,"date":"2024-03-06T17:19:54","date_gmt":"2024-03-06T15:19:54","guid":{"rendered":"https:\/\/propeyresq.be\/?p=2534"},"modified":"2024-03-18T12:55:57","modified_gmt":"2024-03-18T10:55:57","slug":"le-printemps","status":"publish","type":"post","link":"https:\/\/propeyresq.be\/?p=2534","title":{"rendered":"Le printemps&#8230;"},"content":{"rendered":"\n<p>Bonjour \u00e0 toutes et \u00e0 tous!<\/p>\n\n\n\n<p>Le printemps arrive et avec lui Peyresq se r\u00e9veille&#8230;<\/p>\n\n\n\n<p class=\"has-black-color has-text-color has-link-color wp-elements-2a3f9120d52906c151be44d9be1d614f\">Voici quelques informations pour \u00e9gailler vos prochains mois:<br>&#8211; <strong><mark style=\"background-color:#e01d5e\" class=\"has-inline-color\">La soir\u00e9e retrouvaille<\/mark><\/strong> aura lieu <strong>le <mark style=\"background-color:rgba(0, 0, 0, 0)\" class=\"has-inline-color has-accent-color\">vendredi 26 avril<\/mark><\/strong> au <mark style=\"background-color:#E5E5E5\" class=\"has-inline-color has-accent-color\">Th\u00e9\u00e2tre de la Samaritaine<\/mark>, Rue de la Samaritaine \u00e0 Bruxelles (Quartier Sablon)<\/p>\n\n\n\n<p>Save the date, plus d&rsquo;infos suivront concernant le repas et l&rsquo;appel aux musicos motiv\u00e9s !<\/p>\n\n\n\n<p>&#8211; <strong><mark style=\"background-color:#e01d5e\" class=\"has-inline-color\">Les inscriptions<\/mark><\/strong> auront quant \u00e0 elles lieu via le site <a href=\"http:\/\/propeyresq.be\">propeyresq.be<\/a> <strong><mark style=\"background-color:rgba(0, 0, 0, 0)\" class=\"has-inline-color has-black-color\">le dimanche 14 avril \u00e0 11h<\/mark>. <\/strong>Plus d&rsquo;infos \u00e0 venir&#8230;<br>&#8211; <strong><mark style=\"background-color:#e01d5e\" class=\"has-inline-color\">Un s\u00e9jour chantier<\/mark><\/strong> en comit\u00e9 restreint est organis\u00e9 <strong>fin avril d\u00e9but mai<\/strong> ! Des informations d\u00e9taill\u00e9es sont disponible sur le post de Pierre.<\/p>\n\n\n\n<p>Bises ensoleill\u00e9es <\/p>\n\n\n\n<p>Manon Verheulpen<\/p>\n","protected":false},"excerpt":{"rendered":"<p>Bonjour \u00e0 toutes et \u00e0 tous! Le printemps arrive et avec lui Peyresq se r\u00e9veille&#8230; Voici quelques informations pour \u00e9gailler vos prochains mois:&#8211; La soir\u00e9e retrouvaille aura lieu le vendredi 26 avril au Th\u00e9\u00e2tre de la Samaritaine, Rue de la Samaritaine \u00e0 Bruxelles (Quartier Sablon) Save the date, plus d&rsquo;infos [&hellip;]<\/p>\n","protected":false},"author":1458,"featured_media":0,"comment_status":"closed","ping_status":"open","sticky":false,"template":"","format":"standard","meta":{"footnotes":""},"categories":[3],"tags":[],"class_list":["post-2534","post","type-post","status-publish","format-standard","hentry","category-association"],"post_mailing_queue_ids":[],"_links":{"self":[{"href":"https:\/\/propeyresq.be\/index.php?rest_route=\/wp\/v2\/posts\/2534","targetHints":{"allow":["GET"]}}],"collection":[{"href":"https:\/\/propeyresq.be\/index.php?rest_route=\/wp\/v2\/posts"}],"about":[{"href":"https:\/\/propeyresq.be\/index.php?rest_route=\/wp\/v2\/types\/post"}],"author":[{"embeddable":true,"href":"https:\/\/propeyresq.be\/index.php?rest_route=\/wp\/v2\/users\/1458"}],"replies":[{"embeddable":true,"href":"https:\/\/propeyresq.be\/index.php?rest_route=%2Fwp%2Fv2%2Fcomments&post=2534"}],"version-history":[{"count":5,"href":"https:\/\/propeyresq.be\/index.php?rest_route=\/wp\/v2\/posts\/2534\/revisions"}],"predecessor-version":[{"id":2548,"href":"https:\/\/propeyresq.be\/index.php?rest_route=\/wp\/v2\/posts\/2534\/revisions\/2548"}],"wp:attachment":[{"href":"https:\/\/propeyresq.be\/index.php?rest_route=%2Fwp%2Fv2%2Fmedia&parent=2534"}],"wp:term":[{"taxonomy":"category","embeddable":true,"href":"https:\/\/propeyresq.be\/index.php?rest_route=%2Fwp%2Fv2%2Fcategories&post=2534"},{"taxonomy":"post_tag","embeddable":true,"href":"https:\/\/propeyresq.be\/index.php?rest_route=%2Fwp%2Fv2%2Ftags&post=2534"}],"curies":[{"name":"wp","href":"https:\/\/api.w.org\/{rel}","templated":true}]}}