{"id":2422,"date":"2023-05-17T16:03:03","date_gmt":"2023-05-17T14:03:03","guid":{"rendered":"https:\/\/propeyresq.be\/?p=2422"},"modified":"2023-05-17T18:19:34","modified_gmt":"2023-05-17T16:19:34","slug":"le-bureau-2023-est-elu","status":"publish","type":"post","link":"https:\/\/propeyresq.be\/?p=2422","title":{"rendered":"Le bureau 2023 est \u00e9lu"},"content":{"rendered":"\n<p>Lors de notre CA du 16 mai, le nouveau bureau a \u00e9t\u00e9 \u00e9lu.<\/p>\n\n\n\n<p>F\u00e9licitations donc aux nouveaux \u00e9lus<\/p>\n\n\n\n<p><strong>Pr\u00e9sidente<\/strong>\u00a0: Mathilde Calomme<\/p>\n\n\n\n<p><strong>Vice-Pr\u00e9sident.e.s<\/strong>&nbsp;: Sarah Benrubi et Pierre Rebuffat&nbsp;<\/p>\n\n\n\n<p><strong>Tr\u00e9sorier<\/strong>&nbsp;: Xavier de Haan<\/p>\n\n\n\n<p><strong>Tr\u00e9sorier Adjoint<\/strong>&nbsp;: Gulliver Van Essche<\/p>\n\n\n\n<p><strong>Secr\u00e9taire<\/strong>&nbsp;: Clotilde Cantamessa<\/p>\n\n\n\n<p><strong>Secr\u00e9taire Adjointe<\/strong>&nbsp;: Catherine Graindor<\/p>\n\n\n\n<p>Et un \u00e9norme merci \u00e0 Arnaud, Alain et Valentine pour leur d\u00e9vouement au sein du bureau ces derni\u00e8res ann\u00e9es.<\/p>\n\n\n\n<figure class=\"wp-block-image size-full\"><img fetchpriority=\"high\" decoding=\"async\" width=\"848\" height=\"635\" src=\"https:\/\/propeyresq.be\/wp-content\/uploads\/2021\/06\/194170582_10226440183415860_7581131773078647993_n.jpg\" alt=\"\" class=\"wp-image-1122\" srcset=\"https:\/\/propeyresq.be\/wp-content\/uploads\/2021\/06\/194170582_10226440183415860_7581131773078647993_n.jpg 848w, https:\/\/propeyresq.be\/wp-content\/uploads\/2021\/06\/194170582_10226440183415860_7581131773078647993_n-300x225.jpg 300w, https:\/\/propeyresq.be\/wp-content\/uploads\/2021\/06\/194170582_10226440183415860_7581131773078647993_n-768x575.jpg 768w, https:\/\/propeyresq.be\/wp-content\/uploads\/2021\/06\/194170582_10226440183415860_7581131773078647993_n-401x300.jpg 401w\" sizes=\"(max-width: 848px) 100vw, 848px\" \/><\/figure>\n","protected":false},"excerpt":{"rendered":"<p>Lors de notre CA du 16 mai, le nouveau bureau a \u00e9t\u00e9 \u00e9lu. F\u00e9licitations donc aux nouveaux \u00e9lus Pr\u00e9sidente\u00a0: Mathilde Calomme Vice-Pr\u00e9sident.e.s&nbsp;: Sarah Benrubi et Pierre Rebuffat&nbsp; Tr\u00e9sorier&nbsp;: Xavier de Haan Tr\u00e9sorier Adjoint&nbsp;: Gulliver Van Essche Secr\u00e9taire&nbsp;: Clotilde Cantamessa Secr\u00e9taire Adjointe&nbsp;: Catherine Graindor Et un \u00e9norme merci \u00e0 Arnaud, Alain [&hellip;]<\/p>\n","protected":false},"author":2,"featured_media":0,"comment_status":"closed","ping_status":"open","sticky":false,"template":"","format":"standard","meta":{"footnotes":""},"categories":[3],"tags":[],"class_list":["post-2422","post","type-post","status-publish","format-standard","hentry","category-association"],"post_mailing_queue_ids":[],"_links":{"self":[{"href":"https:\/\/propeyresq.be\/index.php?rest_route=\/wp\/v2\/posts\/2422","targetHints":{"allow":["GET"]}}],"collection":[{"href":"https:\/\/propeyresq.be\/index.php?rest_route=\/wp\/v2\/posts"}],"about":[{"href":"https:\/\/propeyresq.be\/index.php?rest_route=\/wp\/v2\/types\/post"}],"author":[{"embeddable":true,"href":"https:\/\/propeyresq.be\/index.php?rest_route=\/wp\/v2\/users\/2"}],"replies":[{"embeddable":true,"href":"https:\/\/propeyresq.be\/index.php?rest_route=%2Fwp%2Fv2%2Fcomments&post=2422"}],"version-history":[{"count":3,"href":"https:\/\/propeyresq.be\/index.php?rest_route=\/wp\/v2\/posts\/2422\/revisions"}],"predecessor-version":[{"id":2425,"href":"https:\/\/propeyresq.be\/index.php?rest_route=\/wp\/v2\/posts\/2422\/revisions\/2425"}],"wp:attachment":[{"href":"https:\/\/propeyresq.be\/index.php?rest_route=%2Fwp%2Fv2%2Fmedia&parent=2422"}],"wp:term":[{"taxonomy":"category","embeddable":true,"href":"https:\/\/propeyresq.be\/index.php?rest_route=%2Fwp%2Fv2%2Fcategories&post=2422"},{"taxonomy":"post_tag","embeddable":true,"href":"https:\/\/propeyresq.be\/index.php?rest_route=%2Fwp%2Fv2%2Ftags&post=2422"}],"curies":[{"name":"wp","href":"https:\/\/api.w.org\/{rel}","templated":true}]}}