{"id":2239,"date":"2022-09-13T12:10:56","date_gmt":"2022-09-13T10:10:56","guid":{"rendered":"https:\/\/www.propeyresq.be\/?p=2239"},"modified":"2022-09-13T12:10:56","modified_gmt":"2022-09-13T10:10:56","slug":"merci-a-toutes-et-tous-pour-cette-magnifique-saison","status":"publish","type":"post","link":"https:\/\/propeyresq.be\/?p=2239","title":{"rendered":"Merci \u00e0 toutes et tous pour cette magnifique saison"},"content":{"rendered":"\n<p>Sourires fatigu\u00e9s, mais content.e.s du travail accompli toute l\u2019ann\u00e9e. 5 heures intenses et constructives pour analyser vos tr\u00e8s nombreux retours de cette saison 2022 post COVID. Dans l&rsquo;immense majorit\u00e9 ils sont positifs et cette reprise d&rsquo;activit\u00e9s de notre ASBL fut une r\u00e9ussite tant sur le plan humain que pour nos finances qui retrouvent le vert.<\/p>\n\n\n\n<p>Les difficult\u00e9s \u00e0 relancer l&rsquo;organisation sur place et \u00e0 trouver des volontaires avant la saison, nous ont oblig\u00e9s \u00e0 nous <a><\/a>mobiliser tous et toutes au village. Les \u00e9quipes ont pu compter sur les membres et vous f\u00fbtes tr\u00e8s nombreux.ses \u00e0 proposer votre aide au resto, au bar, \u00e0 la logistique,&#8230; Cette ann\u00e9e nous a ainsi permis de renouer avec le projet collectif et participatif de Pro Peyresq. Plus que jamais, elle nous a d\u00e9montr\u00e9 que l\u2019exp\u00e9rience v\u00e9cue \u00e0 Peyresq ne d\u00e9pend que de l\u2019esprit qu\u2019on y met et non des attentes que nous en avions.<\/p>\n\n\n\n<p>Chaque b\u00e9n\u00e9vole, qu\u2019il.elle soit visible sur place pour l\u2019organisation (animations, resto, Jara,\u2026) ou dans l\u2019ombre le reste de l\u2019ann\u00e9e (secr\u00e9tariat, gestion du personnel, r\u00e9servations, tr\u00e9sorerie, relations ext\u00e9rieures,\u2026), constitue un maillon pr\u00e9cieux qui fait toute la force et l\u2019int\u00e9r\u00eat de Pro Peyresq, depuis plus de 68 ans\u2026<\/p>\n\n\n\n<p>Seuls nous ne pouvons rien, ensemble nous pouvons tout. Merci \u00e0 toutes et tous d\u2019\u00eatre Peyresq.<\/p>\n\n\n\n<p>Le bureau!!!<\/p>\n\n\n\n<p>PS : Non le bureau n\u2019est pas all\u00e9 aux Antilles avec la caisse\u2026 c\u2019est un fond d\u2019\u00e9cran J<\/p>\n\n\n\n<figure class=\"wp-block-image size-large\"><img fetchpriority=\"high\" decoding=\"async\" width=\"1024\" height=\"498\" src=\"https:\/\/www.propeyresq.be\/wp-content\/uploads\/2022\/09\/306456741_10225792292421434_7582113855953899406_n-1024x498.jpg\" alt=\"\" class=\"wp-image-2240\" srcset=\"https:\/\/propeyresq.be\/wp-content\/uploads\/2022\/09\/306456741_10225792292421434_7582113855953899406_n-1024x498.jpg 1024w, https:\/\/propeyresq.be\/wp-content\/uploads\/2022\/09\/306456741_10225792292421434_7582113855953899406_n-300x146.jpg 300w, https:\/\/propeyresq.be\/wp-content\/uploads\/2022\/09\/306456741_10225792292421434_7582113855953899406_n-768x374.jpg 768w, https:\/\/propeyresq.be\/wp-content\/uploads\/2022\/09\/306456741_10225792292421434_7582113855953899406_n.jpg 1480w\" sizes=\"(max-width: 1024px) 100vw, 1024px\" \/><\/figure>\n","protected":false},"excerpt":{"rendered":"<p>Sourires fatigu\u00e9s, mais content.e.s du travail accompli toute l\u2019ann\u00e9e. 5 heures intenses et constructives pour analyser vos tr\u00e8s nombreux retours de cette saison 2022 post COVID. Dans l&rsquo;immense majorit\u00e9 ils sont positifs et cette reprise d&rsquo;activit\u00e9s de notre ASBL fut une r\u00e9ussite tant sur le plan humain que pour nos [&hellip;]<\/p>\n","protected":false},"author":2,"featured_media":0,"comment_status":"closed","ping_status":"open","sticky":false,"template":"","format":"standard","meta":{"footnotes":""},"categories":[3],"tags":[],"class_list":["post-2239","post","type-post","status-publish","format-standard","hentry","category-association"],"post_mailing_queue_ids":[],"_links":{"self":[{"href":"https:\/\/propeyresq.be\/index.php?rest_route=\/wp\/v2\/posts\/2239","targetHints":{"allow":["GET"]}}],"collection":[{"href":"https:\/\/propeyresq.be\/index.php?rest_route=\/wp\/v2\/posts"}],"about":[{"href":"https:\/\/propeyresq.be\/index.php?rest_route=\/wp\/v2\/types\/post"}],"author":[{"embeddable":true,"href":"https:\/\/propeyresq.be\/index.php?rest_route=\/wp\/v2\/users\/2"}],"replies":[{"embeddable":true,"href":"https:\/\/propeyresq.be\/index.php?rest_route=%2Fwp%2Fv2%2Fcomments&post=2239"}],"version-history":[{"count":1,"href":"https:\/\/propeyresq.be\/index.php?rest_route=\/wp\/v2\/posts\/2239\/revisions"}],"predecessor-version":[{"id":2241,"href":"https:\/\/propeyresq.be\/index.php?rest_route=\/wp\/v2\/posts\/2239\/revisions\/2241"}],"wp:attachment":[{"href":"https:\/\/propeyresq.be\/index.php?rest_route=%2Fwp%2Fv2%2Fmedia&parent=2239"}],"wp:term":[{"taxonomy":"category","embeddable":true,"href":"https:\/\/propeyresq.be\/index.php?rest_route=%2Fwp%2Fv2%2Fcategories&post=2239"},{"taxonomy":"post_tag","embeddable":true,"href":"https:\/\/propeyresq.be\/index.php?rest_route=%2Fwp%2Fv2%2Ftags&post=2239"}],"curies":[{"name":"wp","href":"https:\/\/api.w.org\/{rel}","templated":true}]}}