{"id":2235,"date":"2022-09-05T09:52:17","date_gmt":"2022-09-05T07:52:17","guid":{"rendered":"https:\/\/www.propeyresq.be\/?p=2235"},"modified":"2023-10-18T23:48:06","modified_gmt":"2023-10-18T21:48:06","slug":"concert-ce-vendredi-10-septembre-a-nivelles","status":"publish","type":"post","link":"https:\/\/propeyresq.be\/?p=2235","title":{"rendered":"Concert ce vendredi 16 septembre \u00e0 Nivelles"},"content":{"rendered":"\n<p>Le concert du quatuor \u00ab\u00a0G\u00e9n\u00e9rations\u00a0\u00bb \u00e0 Nivelles c&rsquo;est tout bient\u00f4t!!!!<\/p>\n\n\n\n<p>et les commandes de champagne, c&rsquo;est par ici!!!<\/p>\n\n\n\n<p><a href=\"https:\/\/bellerine.com\/collections\/all\">https:\/\/bellerine.com\/collections\/all<\/a><\/p>\n\n\n\n<p><em>Ce sera un plaisir de partager ce moment musical de qualit\u00e9 autour du quatuor \u00e0 cordes \u00ab\u00a0Generations \u00a0\u00bb ! Vous pourrez bien entendu passer vos commandes sur place et emporter vos bouteilles. Pour ceux qui ne peuvent \u00eatre des n\u00f4tres ce week-end, n&rsquo;oubliez pas de passer commande en ligne pour r\u00e9server vos bouteilles! Vous pourrez r\u00e9cup\u00e9rer vos achats sur rendez-vous.<\/em><\/p>\n\n\n\n<figure class=\"wp-block-image size-large\"><img fetchpriority=\"high\" decoding=\"async\" width=\"1022\" height=\"1024\" src=\"https:\/\/www.propeyresq.be\/wp-content\/uploads\/2022\/09\/Screenshot-2022-09-05-at-09.51.45-1022x1024.png\" alt=\"\" class=\"wp-image-2236\" srcset=\"https:\/\/propeyresq.be\/wp-content\/uploads\/2022\/09\/Screenshot-2022-09-05-at-09.51.45-1022x1024.png 1022w, https:\/\/propeyresq.be\/wp-content\/uploads\/2022\/09\/Screenshot-2022-09-05-at-09.51.45-300x300.png 300w, https:\/\/propeyresq.be\/wp-content\/uploads\/2022\/09\/Screenshot-2022-09-05-at-09.51.45-150x150.png 150w, https:\/\/propeyresq.be\/wp-content\/uploads\/2022\/09\/Screenshot-2022-09-05-at-09.51.45-768x769.png 768w, https:\/\/propeyresq.be\/wp-content\/uploads\/2022\/09\/Screenshot-2022-09-05-at-09.51.45.png 1232w\" sizes=\"(max-width: 1022px) 100vw, 1022px\" \/><\/figure>\n","protected":false},"excerpt":{"rendered":"<p>Le concert du quatuor \u00ab\u00a0G\u00e9n\u00e9rations\u00a0\u00bb \u00e0 Nivelles c&rsquo;est tout bient\u00f4t!!!! et les commandes de champagne, c&rsquo;est par ici!!! https:\/\/bellerine.com\/collections\/all Ce sera un plaisir de partager ce moment musical de qualit\u00e9 autour du quatuor \u00e0 cordes \u00ab\u00a0Generations \u00a0\u00bb ! Vous pourrez bien entendu passer vos commandes sur place et emporter vos [&hellip;]<\/p>\n","protected":false},"author":2,"featured_media":0,"comment_status":"closed","ping_status":"open","sticky":false,"template":"","format":"standard","meta":{"footnotes":""},"categories":[5],"tags":[],"class_list":["post-2235","post","type-post","status-publish","format-standard","hentry","category-evenement"],"post_mailing_queue_ids":[],"_links":{"self":[{"href":"https:\/\/propeyresq.be\/index.php?rest_route=\/wp\/v2\/posts\/2235","targetHints":{"allow":["GET"]}}],"collection":[{"href":"https:\/\/propeyresq.be\/index.php?rest_route=\/wp\/v2\/posts"}],"about":[{"href":"https:\/\/propeyresq.be\/index.php?rest_route=\/wp\/v2\/types\/post"}],"author":[{"embeddable":true,"href":"https:\/\/propeyresq.be\/index.php?rest_route=\/wp\/v2\/users\/2"}],"replies":[{"embeddable":true,"href":"https:\/\/propeyresq.be\/index.php?rest_route=%2Fwp%2Fv2%2Fcomments&post=2235"}],"version-history":[{"count":2,"href":"https:\/\/propeyresq.be\/index.php?rest_route=\/wp\/v2\/posts\/2235\/revisions"}],"predecessor-version":[{"id":2238,"href":"https:\/\/propeyresq.be\/index.php?rest_route=\/wp\/v2\/posts\/2235\/revisions\/2238"}],"wp:attachment":[{"href":"https:\/\/propeyresq.be\/index.php?rest_route=%2Fwp%2Fv2%2Fmedia&parent=2235"}],"wp:term":[{"taxonomy":"category","embeddable":true,"href":"https:\/\/propeyresq.be\/index.php?rest_route=%2Fwp%2Fv2%2Fcategories&post=2235"},{"taxonomy":"post_tag","embeddable":true,"href":"https:\/\/propeyresq.be\/index.php?rest_route=%2Fwp%2Fv2%2Ftags&post=2235"}],"curies":[{"name":"wp","href":"https:\/\/api.w.org\/{rel}","templated":true}]}}