{"id":2196,"date":"2022-08-13T18:31:00","date_gmt":"2022-08-13T16:31:00","guid":{"rendered":"https:\/\/www.propeyresq.be\/?p=2196"},"modified":"2022-08-21T14:35:14","modified_gmt":"2022-08-21T12:35:14","slug":"lumons-officiellement-presente-a-peyresq","status":"publish","type":"post","link":"https:\/\/propeyresq.be\/?p=2196","title":{"rendered":"L&rsquo;UMONS officiellement pr\u00e9sente \u00e0 Peyresq"},"content":{"rendered":"\n<p>Ce 13 ao\u00fbt, l&rsquo;UMONS a concr\u00e9tis\u00e9 sa volont\u00e9 de s&rsquo;implanter au village, par la signature de l&rsquo;acte d&rsquo;achat de la \u00ab\u00a0ruine 188\u00a0\u00bb aupr\u00e8s de Pro Peyresq, pour laquelle un projet de reconstruction est en cours d&rsquo;\u00e9laboration. C&rsquo;\u00e9tait \u00e9galement l&rsquo;occasion d&rsquo;inaugurer la maison Lavoisier &#8211; anciennement De Broglie &#8211;  qui fut elle rachet\u00e9e \u00e0 Nicolas-Claude Fabri de Peiresc. L&rsquo;occasion de marquer un pont entre toutes les associations pr\u00e9sentes au village.<\/p>\n\n\n\n<figure class=\"wp-block-gallery has-nested-images columns-default is-cropped wp-block-gallery-1 is-layout-flex wp-block-gallery-is-layout-flex\">\n<figure class=\"wp-block-image size-large\"><img fetchpriority=\"high\" decoding=\"async\" width=\"768\" height=\"1024\" data-id=\"2197\" src=\"https:\/\/www.propeyresq.be\/wp-content\/uploads\/2022\/08\/298648941_2168403959998204_6013276361117817362_n-768x1024.jpg\" alt=\"\" class=\"wp-image-2197\" srcset=\"https:\/\/propeyresq.be\/wp-content\/uploads\/2022\/08\/298648941_2168403959998204_6013276361117817362_n-768x1024.jpg 768w, https:\/\/propeyresq.be\/wp-content\/uploads\/2022\/08\/298648941_2168403959998204_6013276361117817362_n-225x300.jpg 225w, https:\/\/propeyresq.be\/wp-content\/uploads\/2022\/08\/298648941_2168403959998204_6013276361117817362_n-1152x1536.jpg 1152w, https:\/\/propeyresq.be\/wp-content\/uploads\/2022\/08\/298648941_2168403959998204_6013276361117817362_n.jpg 1536w\" sizes=\"(max-width: 768px) 100vw, 768px\" \/><\/figure>\n\n\n\n<figure class=\"wp-block-image size-large\"><img decoding=\"async\" width=\"768\" height=\"1024\" data-id=\"2198\" src=\"https:\/\/www.propeyresq.be\/wp-content\/uploads\/2022\/08\/298564816_2168403906664876_2264817555277323681_n-768x1024.jpg\" alt=\"\" class=\"wp-image-2198\" srcset=\"https:\/\/propeyresq.be\/wp-content\/uploads\/2022\/08\/298564816_2168403906664876_2264817555277323681_n-768x1024.jpg 768w, https:\/\/propeyresq.be\/wp-content\/uploads\/2022\/08\/298564816_2168403906664876_2264817555277323681_n-225x300.jpg 225w, https:\/\/propeyresq.be\/wp-content\/uploads\/2022\/08\/298564816_2168403906664876_2264817555277323681_n-1152x1536.jpg 1152w, https:\/\/propeyresq.be\/wp-content\/uploads\/2022\/08\/298564816_2168403906664876_2264817555277323681_n.jpg 1536w\" sizes=\"(max-width: 768px) 100vw, 768px\" \/><\/figure>\n<\/figure>\n","protected":false},"excerpt":{"rendered":"<p>Ce 13 ao\u00fbt, l&rsquo;UMONS a concr\u00e9tis\u00e9 sa volont\u00e9 de s&rsquo;implanter au village, par la signature de l&rsquo;acte d&rsquo;achat de la \u00ab\u00a0ruine 188\u00a0\u00bb aupr\u00e8s de Pro Peyresq, pour laquelle un projet de reconstruction est en cours d&rsquo;\u00e9laboration. C&rsquo;\u00e9tait \u00e9galement l&rsquo;occasion d&rsquo;inaugurer la maison Lavoisier &#8211; anciennement De Broglie &#8211; qui fut [&hellip;]<\/p>\n","protected":false},"author":2,"featured_media":0,"comment_status":"closed","ping_status":"open","sticky":false,"template":"","format":"standard","meta":{"footnotes":""},"categories":[4,5],"tags":[],"class_list":["post-2196","post","type-post","status-publish","format-standard","hentry","category-au-village","category-evenement"],"post_mailing_queue_ids":[],"_links":{"self":[{"href":"https:\/\/propeyresq.be\/index.php?rest_route=\/wp\/v2\/posts\/2196","targetHints":{"allow":["GET"]}}],"collection":[{"href":"https:\/\/propeyresq.be\/index.php?rest_route=\/wp\/v2\/posts"}],"about":[{"href":"https:\/\/propeyresq.be\/index.php?rest_route=\/wp\/v2\/types\/post"}],"author":[{"embeddable":true,"href":"https:\/\/propeyresq.be\/index.php?rest_route=\/wp\/v2\/users\/2"}],"replies":[{"embeddable":true,"href":"https:\/\/propeyresq.be\/index.php?rest_route=%2Fwp%2Fv2%2Fcomments&post=2196"}],"version-history":[{"count":1,"href":"https:\/\/propeyresq.be\/index.php?rest_route=\/wp\/v2\/posts\/2196\/revisions"}],"predecessor-version":[{"id":2199,"href":"https:\/\/propeyresq.be\/index.php?rest_route=\/wp\/v2\/posts\/2196\/revisions\/2199"}],"wp:attachment":[{"href":"https:\/\/propeyresq.be\/index.php?rest_route=%2Fwp%2Fv2%2Fmedia&parent=2196"}],"wp:term":[{"taxonomy":"category","embeddable":true,"href":"https:\/\/propeyresq.be\/index.php?rest_route=%2Fwp%2Fv2%2Fcategories&post=2196"},{"taxonomy":"post_tag","embeddable":true,"href":"https:\/\/propeyresq.be\/index.php?rest_route=%2Fwp%2Fv2%2Ftags&post=2196"}],"curies":[{"name":"wp","href":"https:\/\/api.w.org\/{rel}","templated":true}]}}