{"id":2186,"date":"2022-09-01T23:46:00","date_gmt":"2022-09-01T21:46:00","guid":{"rendered":"https:\/\/www.propeyresq.be\/?p=2186"},"modified":"2023-10-18T23:50:57","modified_gmt":"2023-10-18T21:50:57","slug":"quatuor-generations-en-concert-a-nivelles","status":"publish","type":"post","link":"https:\/\/propeyresq.be\/?p=2186","title":{"rendered":"Quatuor \u00ab\u00a0G\u00e9n\u00e9rations\u00a0\u00bb en concert \u00e0 Nivelles"},"content":{"rendered":"\n<p>Vous les avez aim\u00e9s en concert \u00e0 Peyresq cet \u00e9t\u00e9? Vous avez manqu\u00e9 ce beau moment au village?<\/p>\n\n\n\n<p>Venez les retrouver ce 16 septembre en concert \u00e0 Nivelles, accompagn\u00e9s de quelques bulles de la Bellerine&#8230;<\/p>\n\n\n\n<figure class=\"wp-block-image size-large\"><img fetchpriority=\"high\" decoding=\"async\" width=\"1024\" height=\"576\" src=\"https:\/\/www.propeyresq.be\/wp-content\/uploads\/2022\/08\/050a29e9-f045-460c-90ba-102ed1d7f7c9-1024x576.jpg\" alt=\"\" class=\"wp-image-2187\" srcset=\"https:\/\/propeyresq.be\/wp-content\/uploads\/2022\/08\/050a29e9-f045-460c-90ba-102ed1d7f7c9-1024x576.jpg 1024w, https:\/\/propeyresq.be\/wp-content\/uploads\/2022\/08\/050a29e9-f045-460c-90ba-102ed1d7f7c9-300x169.jpg 300w, https:\/\/propeyresq.be\/wp-content\/uploads\/2022\/08\/050a29e9-f045-460c-90ba-102ed1d7f7c9-768x432.jpg 768w, https:\/\/propeyresq.be\/wp-content\/uploads\/2022\/08\/050a29e9-f045-460c-90ba-102ed1d7f7c9.jpg 1280w\" sizes=\"(max-width: 1024px) 100vw, 1024px\" \/><\/figure>\n","protected":false},"excerpt":{"rendered":"<p>Vous les avez aim\u00e9s en concert \u00e0 Peyresq cet \u00e9t\u00e9? Vous avez manqu\u00e9 ce beau moment au village? Venez les retrouver ce 16 septembre en concert \u00e0 Nivelles, accompagn\u00e9s de quelques bulles de la Bellerine&#8230;<\/p>\n","protected":false},"author":2,"featured_media":0,"comment_status":"closed","ping_status":"open","sticky":false,"template":"","format":"standard","meta":{"footnotes":""},"categories":[5],"tags":[],"class_list":["post-2186","post","type-post","status-publish","format-standard","hentry","category-evenement"],"post_mailing_queue_ids":[],"_links":{"self":[{"href":"https:\/\/propeyresq.be\/index.php?rest_route=\/wp\/v2\/posts\/2186","targetHints":{"allow":["GET"]}}],"collection":[{"href":"https:\/\/propeyresq.be\/index.php?rest_route=\/wp\/v2\/posts"}],"about":[{"href":"https:\/\/propeyresq.be\/index.php?rest_route=\/wp\/v2\/types\/post"}],"author":[{"embeddable":true,"href":"https:\/\/propeyresq.be\/index.php?rest_route=\/wp\/v2\/users\/2"}],"replies":[{"embeddable":true,"href":"https:\/\/propeyresq.be\/index.php?rest_route=%2Fwp%2Fv2%2Fcomments&post=2186"}],"version-history":[{"count":2,"href":"https:\/\/propeyresq.be\/index.php?rest_route=\/wp\/v2\/posts\/2186\/revisions"}],"predecessor-version":[{"id":2219,"href":"https:\/\/propeyresq.be\/index.php?rest_route=\/wp\/v2\/posts\/2186\/revisions\/2219"}],"wp:attachment":[{"href":"https:\/\/propeyresq.be\/index.php?rest_route=%2Fwp%2Fv2%2Fmedia&parent=2186"}],"wp:term":[{"taxonomy":"category","embeddable":true,"href":"https:\/\/propeyresq.be\/index.php?rest_route=%2Fwp%2Fv2%2Fcategories&post=2186"},{"taxonomy":"post_tag","embeddable":true,"href":"https:\/\/propeyresq.be\/index.php?rest_route=%2Fwp%2Fv2%2Ftags&post=2186"}],"curies":[{"name":"wp","href":"https:\/\/api.w.org\/{rel}","templated":true}]}}