{"id":2179,"date":"2022-07-12T15:23:51","date_gmt":"2022-07-12T13:23:51","guid":{"rendered":"https:\/\/www.propeyresq.be\/?p=2179"},"modified":"2022-07-15T09:01:44","modified_gmt":"2022-07-15T07:01:44","slug":"la-saison-bat-son-plein","status":"publish","type":"post","link":"https:\/\/propeyresq.be\/?p=2179","title":{"rendered":"La saison bat son plein!!!"},"content":{"rendered":"\n<p>Apr\u00e8s une semaine de d\u00e9marrage au calme avec la nouvelle \u00e9quipe sur place &#8211; cuisine et entretien &#8211; coach\u00e9e par notre duo de vice-pr\u00e9sidentes Clotilde et Mathilde, la saison a pleinement d\u00e9but\u00e9 la semaine derni\u00e8re avec plus de 100 personnes et un stage d&rsquo;architecture rondement men\u00e9.<\/p>\n\n\n\n<p>Au programme cette semaine: corv\u00e9e bois!!! (Merci \u00e0 Pascale pour ses photos)<\/p>\n\n\n\n<p>5,300 nuit\u00e9es et le compteur continue \u00e0 augmenter&#8230; N&rsquo;h\u00e9sites pas \u00e0 consulter le site ou le groupe Facebook pour d&rsquo;autres nouvelles.<\/p>\n\n\n\n<figure class=\"wp-block-image size-large\"><img fetchpriority=\"high\" decoding=\"async\" width=\"1024\" height=\"445\" src=\"https:\/\/www.propeyresq.be\/wp-content\/uploads\/2022\/07\/Screenshot-2022-07-12-at-15.21.56-1024x445.png\" alt=\"\" class=\"wp-image-2180\" srcset=\"https:\/\/propeyresq.be\/wp-content\/uploads\/2022\/07\/Screenshot-2022-07-12-at-15.21.56-1024x445.png 1024w, https:\/\/propeyresq.be\/wp-content\/uploads\/2022\/07\/Screenshot-2022-07-12-at-15.21.56-300x131.png 300w, https:\/\/propeyresq.be\/wp-content\/uploads\/2022\/07\/Screenshot-2022-07-12-at-15.21.56-768x334.png 768w, https:\/\/propeyresq.be\/wp-content\/uploads\/2022\/07\/Screenshot-2022-07-12-at-15.21.56-1536x668.png 1536w, https:\/\/propeyresq.be\/wp-content\/uploads\/2022\/07\/Screenshot-2022-07-12-at-15.21.56.png 2000w\" sizes=\"(max-width: 1024px) 100vw, 1024px\" \/><\/figure>\n","protected":false},"excerpt":{"rendered":"<p>Apr\u00e8s une semaine de d\u00e9marrage au calme avec la nouvelle \u00e9quipe sur place &#8211; cuisine et entretien &#8211; coach\u00e9e par notre duo de vice-pr\u00e9sidentes Clotilde et Mathilde, la saison a pleinement d\u00e9but\u00e9 la semaine derni\u00e8re avec plus de 100 personnes et un stage d&rsquo;architecture rondement men\u00e9. Au programme cette semaine: [&hellip;]<\/p>\n","protected":false},"author":2,"featured_media":0,"comment_status":"closed","ping_status":"open","sticky":false,"template":"","format":"standard","meta":{"footnotes":""},"categories":[4,7],"tags":[],"class_list":["post-2179","post","type-post","status-publish","format-standard","hentry","category-au-village","category-photos"],"post_mailing_queue_ids":[],"_links":{"self":[{"href":"https:\/\/propeyresq.be\/index.php?rest_route=\/wp\/v2\/posts\/2179","targetHints":{"allow":["GET"]}}],"collection":[{"href":"https:\/\/propeyresq.be\/index.php?rest_route=\/wp\/v2\/posts"}],"about":[{"href":"https:\/\/propeyresq.be\/index.php?rest_route=\/wp\/v2\/types\/post"}],"author":[{"embeddable":true,"href":"https:\/\/propeyresq.be\/index.php?rest_route=\/wp\/v2\/users\/2"}],"replies":[{"embeddable":true,"href":"https:\/\/propeyresq.be\/index.php?rest_route=%2Fwp%2Fv2%2Fcomments&post=2179"}],"version-history":[{"count":2,"href":"https:\/\/propeyresq.be\/index.php?rest_route=\/wp\/v2\/posts\/2179\/revisions"}],"predecessor-version":[{"id":2185,"href":"https:\/\/propeyresq.be\/index.php?rest_route=\/wp\/v2\/posts\/2179\/revisions\/2185"}],"wp:attachment":[{"href":"https:\/\/propeyresq.be\/index.php?rest_route=%2Fwp%2Fv2%2Fmedia&parent=2179"}],"wp:term":[{"taxonomy":"category","embeddable":true,"href":"https:\/\/propeyresq.be\/index.php?rest_route=%2Fwp%2Fv2%2Fcategories&post=2179"},{"taxonomy":"post_tag","embeddable":true,"href":"https:\/\/propeyresq.be\/index.php?rest_route=%2Fwp%2Fv2%2Ftags&post=2179"}],"curies":[{"name":"wp","href":"https:\/\/api.w.org\/{rel}","templated":true}]}}