{"id":1360,"date":"2021-10-29T09:17:23","date_gmt":"2021-10-29T07:17:23","guid":{"rendered":"https:\/\/www.propeyresq.be\/site\/?p=1227"},"modified":"2022-03-28T23:30:31","modified_gmt":"2022-03-28T21:30:31","slug":"quelques-photos-du-lac-dallos-et-de-ses-alentours","status":"publish","type":"post","link":"https:\/\/propeyresq.be\/?p=1360","title":{"rendered":"Quelques photos du Lac d&rsquo;Allos et de ses alentours"},"content":{"rendered":"<p>Notre belle r\u00e9gion s&rsquo;est par\u00e9e de ses couleurs d&rsquo;automne.<\/p>\n<p>Quelques belles images du Lac d&rsquo;Allos en cette saison, glan\u00e9es sur la page Facebook de notre association<\/p>\n<p><a title=\"Pro Peyresq - L'officiel\" href=\"https:\/\/www.facebook.com\/groups\/propeyresq\" target=\"_blank\" rel=\"noopener\">https:\/\/www.facebook.com\/groups\/propeyresq\u00a0<\/a><\/p>\n<p><em>Cr\u00e9dits photographiques: Frederique Tytgat Langlet, Olivier Revel, Kika Laugier, Jean-Marc Jaume, Manon Florentin, Jean-Marie Guillou, le Groupe Alpes Sauvages<\/em><\/p>\n\n\n<figure class=\"wp-block-image size-large\"><img fetchpriority=\"high\" decoding=\"async\" width=\"1024\" height=\"791\" src=\"https:\/\/www.propeyresq.be\/wp-content\/uploads\/2022\/03\/254997737_10223887101238639_3540341710485197266_n-1024x791.jpg\" alt=\"\" class=\"wp-image-1938\" srcset=\"https:\/\/propeyresq.be\/wp-content\/uploads\/2022\/03\/254997737_10223887101238639_3540341710485197266_n-1024x791.jpg 1024w, https:\/\/propeyresq.be\/wp-content\/uploads\/2022\/03\/254997737_10223887101238639_3540341710485197266_n-300x232.jpg 300w, https:\/\/propeyresq.be\/wp-content\/uploads\/2022\/03\/254997737_10223887101238639_3540341710485197266_n-768x593.jpg 768w, https:\/\/propeyresq.be\/wp-content\/uploads\/2022\/03\/254997737_10223887101238639_3540341710485197266_n-1536x1187.jpg 1536w, https:\/\/propeyresq.be\/wp-content\/uploads\/2022\/03\/254997737_10223887101238639_3540341710485197266_n.jpg 2048w\" sizes=\"(max-width: 1024px) 100vw, 1024px\" \/><\/figure>\n","protected":false},"excerpt":{"rendered":"<p>Notre belle r\u00e9gion s&rsquo;est par\u00e9e de ses couleurs d&rsquo;automne. Quelques belles images du Lac d&rsquo;Allos en cette saison, glan\u00e9es sur la page Facebook de notre association https:\/\/www.facebook.com\/groups\/propeyresq\u00a0 Cr\u00e9dits photographiques: Frederique Tytgat Langlet, Olivier Revel, Kika Laugier, Jean-Marc Jaume, Manon Florentin, Jean-Marie Guillou, le Groupe Alpes Sauvages<\/p>\n","protected":false},"author":2,"featured_media":0,"comment_status":"closed","ping_status":"closed","sticky":false,"template":"","format":"standard","meta":{"footnotes":""},"categories":[7],"tags":[],"class_list":["post-1360","post","type-post","status-publish","format-standard","hentry","category-photos"],"post_mailing_queue_ids":[],"_links":{"self":[{"href":"https:\/\/propeyresq.be\/index.php?rest_route=\/wp\/v2\/posts\/1360","targetHints":{"allow":["GET"]}}],"collection":[{"href":"https:\/\/propeyresq.be\/index.php?rest_route=\/wp\/v2\/posts"}],"about":[{"href":"https:\/\/propeyresq.be\/index.php?rest_route=\/wp\/v2\/types\/post"}],"author":[{"embeddable":true,"href":"https:\/\/propeyresq.be\/index.php?rest_route=\/wp\/v2\/users\/2"}],"replies":[{"embeddable":true,"href":"https:\/\/propeyresq.be\/index.php?rest_route=%2Fwp%2Fv2%2Fcomments&post=1360"}],"version-history":[{"count":1,"href":"https:\/\/propeyresq.be\/index.php?rest_route=\/wp\/v2\/posts\/1360\/revisions"}],"predecessor-version":[{"id":1940,"href":"https:\/\/propeyresq.be\/index.php?rest_route=\/wp\/v2\/posts\/1360\/revisions\/1940"}],"wp:attachment":[{"href":"https:\/\/propeyresq.be\/index.php?rest_route=%2Fwp%2Fv2%2Fmedia&parent=1360"}],"wp:term":[{"taxonomy":"category","embeddable":true,"href":"https:\/\/propeyresq.be\/index.php?rest_route=%2Fwp%2Fv2%2Fcategories&post=1360"},{"taxonomy":"post_tag","embeddable":true,"href":"https:\/\/propeyresq.be\/index.php?rest_route=%2Fwp%2Fv2%2Ftags&post=1360"}],"curies":[{"name":"wp","href":"https:\/\/api.w.org\/{rel}","templated":true}]}}