{"id":1359,"date":"2021-09-30T08:25:12","date_gmt":"2021-09-30T06:25:12","guid":{"rendered":"https:\/\/www.propeyresq.be\/site\/?p=1196"},"modified":"2022-03-28T23:36:35","modified_gmt":"2022-03-28T21:36:35","slug":"mimi-et-patrick-prennent-un-repos-bien-merite","status":"publish","type":"post","link":"https:\/\/propeyresq.be\/?p=1359","title":{"rendered":"Mimi et Patrick prennent un repos bien m\u00e9rit\u00e9!"},"content":{"rendered":"<div dir=\"auto\">Mimi et Patrick,<\/div>\n<div dir=\"auto\">Dernier jour de votre participation dans le staff saisonnier. Vous avez enchain\u00e9 15 ans \u00e0 nos c\u00f4t\u00e9s. Quelle endurance et quel amour pour ce village que vous connaissez si bien. Une d\u00e9l\u00e9gation du bureau a eu le plaisir de passer quelques jours avec vous pour marquer cet \u00e9v\u00e9nement. Ce moment de transmission et de f\u00eates fut d\u00e9licieux. Au nom du conseil d\u2019administration, et de tous les s\u00e9journants de ces 15 derni\u00e8res ann\u00e9es, nous vous adressons de tr\u00e8s chaleureux remerciements. On vous souhaite beaucoup de bonheur dans vos nouveaux projets et on esp\u00e8re vous retrouver \u00e0 Peyresq, en vacances, d\u00e8s l\u2019ann\u00e9e prochaine.<\/div>\n\n\n<figure class=\"wp-block-image size-full\"><img fetchpriority=\"high\" decoding=\"async\" width=\"960\" height=\"960\" src=\"https:\/\/www.propeyresq.be\/wp-content\/uploads\/2021\/09\/243724052_10227216975435175_1758996862518765924_n.jpg\" alt=\"\" class=\"wp-image-1946\" srcset=\"https:\/\/propeyresq.be\/wp-content\/uploads\/2021\/09\/243724052_10227216975435175_1758996862518765924_n.jpg 960w, https:\/\/propeyresq.be\/wp-content\/uploads\/2021\/09\/243724052_10227216975435175_1758996862518765924_n-300x300.jpg 300w, https:\/\/propeyresq.be\/wp-content\/uploads\/2021\/09\/243724052_10227216975435175_1758996862518765924_n-150x150.jpg 150w, https:\/\/propeyresq.be\/wp-content\/uploads\/2021\/09\/243724052_10227216975435175_1758996862518765924_n-768x768.jpg 768w\" sizes=\"(max-width: 960px) 100vw, 960px\" \/><\/figure>\n","protected":false},"excerpt":{"rendered":"<p>Mimi et Patrick, Dernier jour de votre participation dans le staff saisonnier. Vous avez enchain\u00e9 15 ans \u00e0 nos c\u00f4t\u00e9s. Quelle endurance et quel amour pour ce village que vous connaissez si bien. Une d\u00e9l\u00e9gation du bureau a eu le plaisir de passer quelques jours avec vous pour marquer cet [&hellip;]<\/p>\n","protected":false},"author":2,"featured_media":0,"comment_status":"closed","ping_status":"closed","sticky":false,"template":"","format":"standard","meta":{"footnotes":""},"categories":[3,4,5],"tags":[],"class_list":["post-1359","post","type-post","status-publish","format-standard","hentry","category-association","category-au-village","category-evenement"],"post_mailing_queue_ids":[],"_links":{"self":[{"href":"https:\/\/propeyresq.be\/index.php?rest_route=\/wp\/v2\/posts\/1359","targetHints":{"allow":["GET"]}}],"collection":[{"href":"https:\/\/propeyresq.be\/index.php?rest_route=\/wp\/v2\/posts"}],"about":[{"href":"https:\/\/propeyresq.be\/index.php?rest_route=\/wp\/v2\/types\/post"}],"author":[{"embeddable":true,"href":"https:\/\/propeyresq.be\/index.php?rest_route=\/wp\/v2\/users\/2"}],"replies":[{"embeddable":true,"href":"https:\/\/propeyresq.be\/index.php?rest_route=%2Fwp%2Fv2%2Fcomments&post=1359"}],"version-history":[{"count":1,"href":"https:\/\/propeyresq.be\/index.php?rest_route=\/wp\/v2\/posts\/1359\/revisions"}],"predecessor-version":[{"id":1948,"href":"https:\/\/propeyresq.be\/index.php?rest_route=\/wp\/v2\/posts\/1359\/revisions\/1948"}],"wp:attachment":[{"href":"https:\/\/propeyresq.be\/index.php?rest_route=%2Fwp%2Fv2%2Fmedia&parent=1359"}],"wp:term":[{"taxonomy":"category","embeddable":true,"href":"https:\/\/propeyresq.be\/index.php?rest_route=%2Fwp%2Fv2%2Fcategories&post=1359"},{"taxonomy":"post_tag","embeddable":true,"href":"https:\/\/propeyresq.be\/index.php?rest_route=%2Fwp%2Fv2%2Ftags&post=1359"}],"curies":[{"name":"wp","href":"https:\/\/api.w.org\/{rel}","templated":true}]}}