{"id":1357,"date":"2021-09-28T17:09:42","date_gmt":"2021-09-28T15:09:42","guid":{"rendered":"https:\/\/www.propeyresq.be\/site\/?p=1185"},"modified":"2022-03-28T23:37:29","modified_gmt":"2022-03-28T21:37:29","slug":"clap-de-fin-pour-la-saison-2021","status":"publish","type":"post","link":"https:\/\/propeyresq.be\/?p=1357","title":{"rendered":"Clap de fin pour la saison 2021!"},"content":{"rendered":"<p>Cette ann\u00e9e le village a vu passer des Peyrescans, jeunes et moins jeunes, un peu moins nombreux mais toujours motiv\u00e9s.<\/p>\n<p>Victor Jara a laiss\u00e9 sa sc\u00e8ne \u00e0 Julos, qui nous a quitt\u00e9 mais revivra certainement. Les ap\u00e9ros, les barbecues, les tournois de p\u00e9tanque, le volley, le drone, le VTT de descente, l&rsquo;accrobranche, le canyoning, les papotes, la biblioth\u00e8que, le calme, les rencontres, les repas en famille, entre amis, \u00e0 la maison, \u00e0 l&rsquo;Oustalet, au G\u00eete&#8230;.<\/p>\n<p>Les maisons sont pr\u00eates \u00e0 hiberner.<br \/>Les montagnes se parent doucement de leurs couleurs d\u2019automne.<br \/>On se r\u00e9jouit d\u00e9j\u00e0 de vous y retrouver l\u2019\u00e9t\u00e9 prochain.<\/p>\n\n\n<figure class=\"wp-block-image size-full\"><img fetchpriority=\"high\" decoding=\"async\" width=\"960\" height=\"960\" src=\"https:\/\/www.propeyresq.be\/wp-content\/uploads\/2021\/09\/242452596_10227161147239505_370967852772031784_n.jpg\" alt=\"\" class=\"wp-image-1947\" srcset=\"https:\/\/propeyresq.be\/wp-content\/uploads\/2021\/09\/242452596_10227161147239505_370967852772031784_n.jpg 960w, https:\/\/propeyresq.be\/wp-content\/uploads\/2021\/09\/242452596_10227161147239505_370967852772031784_n-300x300.jpg 300w, https:\/\/propeyresq.be\/wp-content\/uploads\/2021\/09\/242452596_10227161147239505_370967852772031784_n-150x150.jpg 150w, https:\/\/propeyresq.be\/wp-content\/uploads\/2021\/09\/242452596_10227161147239505_370967852772031784_n-768x768.jpg 768w\" sizes=\"(max-width: 960px) 100vw, 960px\" \/><\/figure>\n","protected":false},"excerpt":{"rendered":"<p>Cette ann\u00e9e le village a vu passer des Peyrescans, jeunes et moins jeunes, un peu moins nombreux mais toujours motiv\u00e9s. Victor Jara a laiss\u00e9 sa sc\u00e8ne \u00e0 Julos, qui nous a quitt\u00e9 mais revivra certainement. Les ap\u00e9ros, les barbecues, les tournois de p\u00e9tanque, le volley, le drone, le VTT de [&hellip;]<\/p>\n","protected":false},"author":2,"featured_media":0,"comment_status":"closed","ping_status":"closed","sticky":false,"template":"","format":"standard","meta":{"footnotes":""},"categories":[3,4],"tags":[],"class_list":["post-1357","post","type-post","status-publish","format-standard","hentry","category-association","category-au-village"],"post_mailing_queue_ids":[],"_links":{"self":[{"href":"https:\/\/propeyresq.be\/index.php?rest_route=\/wp\/v2\/posts\/1357","targetHints":{"allow":["GET"]}}],"collection":[{"href":"https:\/\/propeyresq.be\/index.php?rest_route=\/wp\/v2\/posts"}],"about":[{"href":"https:\/\/propeyresq.be\/index.php?rest_route=\/wp\/v2\/types\/post"}],"author":[{"embeddable":true,"href":"https:\/\/propeyresq.be\/index.php?rest_route=\/wp\/v2\/users\/2"}],"replies":[{"embeddable":true,"href":"https:\/\/propeyresq.be\/index.php?rest_route=%2Fwp%2Fv2%2Fcomments&post=1357"}],"version-history":[{"count":3,"href":"https:\/\/propeyresq.be\/index.php?rest_route=\/wp\/v2\/posts\/1357\/revisions"}],"predecessor-version":[{"id":1950,"href":"https:\/\/propeyresq.be\/index.php?rest_route=\/wp\/v2\/posts\/1357\/revisions\/1950"}],"wp:attachment":[{"href":"https:\/\/propeyresq.be\/index.php?rest_route=%2Fwp%2Fv2%2Fmedia&parent=1357"}],"wp:term":[{"taxonomy":"category","embeddable":true,"href":"https:\/\/propeyresq.be\/index.php?rest_route=%2Fwp%2Fv2%2Fcategories&post=1357"},{"taxonomy":"post_tag","embeddable":true,"href":"https:\/\/propeyresq.be\/index.php?rest_route=%2Fwp%2Fv2%2Ftags&post=1357"}],"curies":[{"name":"wp","href":"https:\/\/api.w.org\/{rel}","templated":true}]}}