{"id":1264,"date":"2022-02-22T17:51:52","date_gmt":"2022-02-22T15:51:52","guid":{"rendered":"https:\/\/www.propeyresq.be\/site\/?p=1264"},"modified":"2022-03-28T23:19:09","modified_gmt":"2022-03-28T21:19:09","slug":"la-saison-2022-de-pro-peyresq-elle-commence-le-25-juin","status":"publish","type":"post","link":"https:\/\/propeyresq.be\/?p=1264","title":{"rendered":"La saison 2022 de Pro Peyresq&#8230; Elle commence le 25 juin!!!!"},"content":{"rendered":"<div>\n<div dir=\"auto\">En (quasi) direct du CA !<\/div>\n<\/div>\n<div>\n<div dir=\"auto\">Faites chauffer les bouilles de p\u00e9tanque !!!<\/div>\n<\/div>\n<div>\n<div dir=\"auto\">La saison ouvrira donc le 25 JUIN !<\/div>\n<div dir=\"auto\">(et fermera (peut-\u00eatre) le 28 ao\u00fbt).<\/div>\n<\/div>\n<div>\n<div dir=\"auto\">Jara , resto , activit\u00e9s , b\u00e9n\u00e9volat , soleil\u00a0, bienveillance , balades\u00a0et libert\u00e9 !<\/div>\n<\/div>\n<div>\n<div dir=\"auto\">Bookez d\u00e9j\u00e0 vos semaines, parlez-en \u00e0 vos ami.e.s, on a du trop bon temps \u00e0 rattraper !<\/div>\n<div dir=\"auto\"><\/div>\n<div dir=\"auto\">Alain V.<\/div>\n<\/div>\n<p><\/p>\n\n\n<figure class=\"wp-block-image size-large\"><img fetchpriority=\"high\" decoding=\"async\" width=\"1024\" height=\"769\" src=\"https:\/\/www.propeyresq.be\/wp-content\/uploads\/2022\/02\/Screenshot-2022-03-28-at-23.16.48-1024x769.png\" alt=\"\" class=\"wp-image-1918\" srcset=\"https:\/\/propeyresq.be\/wp-content\/uploads\/2022\/02\/Screenshot-2022-03-28-at-23.16.48-1024x769.png 1024w, https:\/\/propeyresq.be\/wp-content\/uploads\/2022\/02\/Screenshot-2022-03-28-at-23.16.48-300x225.png 300w, https:\/\/propeyresq.be\/wp-content\/uploads\/2022\/02\/Screenshot-2022-03-28-at-23.16.48-768x576.png 768w, https:\/\/propeyresq.be\/wp-content\/uploads\/2022\/02\/Screenshot-2022-03-28-at-23.16.48-1536x1153.png 1536w, https:\/\/propeyresq.be\/wp-content\/uploads\/2022\/02\/Screenshot-2022-03-28-at-23.16.48-2048x1537.png 2048w\" sizes=\"(max-width: 1024px) 100vw, 1024px\" \/><\/figure>\n","protected":false},"excerpt":{"rendered":"<p>En (quasi) direct du CA ! Faites chauffer les bouilles de p\u00e9tanque !!! La saison ouvrira donc le 25 JUIN ! (et fermera (peut-\u00eatre) le 28 ao\u00fbt). Jara , resto , activit\u00e9s , b\u00e9n\u00e9volat , soleil\u00a0, bienveillance , balades\u00a0et libert\u00e9 ! Bookez d\u00e9j\u00e0 vos semaines, parlez-en \u00e0 vos ami.e.s, on [&hellip;]<\/p>\n","protected":false},"author":2,"featured_media":0,"comment_status":"closed","ping_status":"closed","sticky":false,"template":"","format":"standard","meta":{"footnotes":""},"categories":[2,3,4,8],"tags":[],"class_list":["post-1264","post","type-post","status-publish","format-standard","hentry","category-animations","category-association","category-au-village","category-reservations"],"post_mailing_queue_ids":[],"_links":{"self":[{"href":"https:\/\/propeyresq.be\/index.php?rest_route=\/wp\/v2\/posts\/1264","targetHints":{"allow":["GET"]}}],"collection":[{"href":"https:\/\/propeyresq.be\/index.php?rest_route=\/wp\/v2\/posts"}],"about":[{"href":"https:\/\/propeyresq.be\/index.php?rest_route=\/wp\/v2\/types\/post"}],"author":[{"embeddable":true,"href":"https:\/\/propeyresq.be\/index.php?rest_route=\/wp\/v2\/users\/2"}],"replies":[{"embeddable":true,"href":"https:\/\/propeyresq.be\/index.php?rest_route=%2Fwp%2Fv2%2Fcomments&post=1264"}],"version-history":[{"count":1,"href":"https:\/\/propeyresq.be\/index.php?rest_route=\/wp\/v2\/posts\/1264\/revisions"}],"predecessor-version":[{"id":1919,"href":"https:\/\/propeyresq.be\/index.php?rest_route=\/wp\/v2\/posts\/1264\/revisions\/1919"}],"wp:attachment":[{"href":"https:\/\/propeyresq.be\/index.php?rest_route=%2Fwp%2Fv2%2Fmedia&parent=1264"}],"wp:term":[{"taxonomy":"category","embeddable":true,"href":"https:\/\/propeyresq.be\/index.php?rest_route=%2Fwp%2Fv2%2Fcategories&post=1264"},{"taxonomy":"post_tag","embeddable":true,"href":"https:\/\/propeyresq.be\/index.php?rest_route=%2Fwp%2Fv2%2Ftags&post=1264"}],"curies":[{"name":"wp","href":"https:\/\/api.w.org\/{rel}","templated":true}]}}